{"id":5134,"date":"2024-12-27T17:42:39","date_gmt":"2024-12-27T16:42:39","guid":{"rendered":"https:\/\/www.club-de-tir.fr\/?p=5134"},"modified":"2025-02-21T14:24:45","modified_gmt":"2025-02-21T13:24:45","slug":"competition-de-precision-rifle-pr22-de-noel-7-8-decembre-2024","status":"publish","type":"post","link":"https:\/\/www.club-de-tir.fr\/en\/competition-de-precision-rifle-pr22-de-noel-7-8-decembre-2024\/","title":{"rendered":"Comp\u00e9tition de Precision Rifle (PR22) de No\u00ebl &#8211; 7 &#038; 8 D\u00e9cembre 2024"},"content":{"rendered":"<p style=\"text-align: center;\"><span style=\"color: #ff0000;\"><strong>Ainsi s&rsquo;ach\u00e8ve la deuxi\u00e8me comp\u00e9tition de PR22 organis\u00e9e par nos soins !<br \/>\n<\/strong><\/span><br \/>\n<span style=\"color: #000000;\">Cet \u00e9v\u00e8nement s&rsquo;est tenu dans une ambiance <strong>conviviale<\/strong>, et les tireurs ont propos\u00e9 de tr\u00e8s belles <strong>performances<\/strong> individuelles.<\/span><br \/>\n<span style=\"color: #000000;\">La m\u00e9t\u00e9o du dimanche a \u00e9t\u00e9 marqu\u00e9e par un vent tr\u00e8s impressionnant, ce qui leur a donn\u00e9 du fil \u00e0 retordre !<\/span><br \/>\n<span style=\"color: #000000;\">Bon nombre d&rsquo;ajustements ont d\u00fb \u00eatre fait afin de pouvoir atteindre les cibles, certaines \u00e9tant<\/span><br \/>\n<span style=\"color: #000000;\">aussi grosses qu&rsquo;une pi\u00e8ce d&rsquo;1\u20ac !<\/span><br \/>\n<span style=\"color: #000000;\">Le PR22 est une discipline requiert du <strong>calme<\/strong>, de la <strong>dext\u00e9rit\u00e9<\/strong> et de la <strong>pr\u00e9cision<\/strong>.<\/span><\/p>\n<p style=\"text-align: center;\"><span style=\"color: #000000;\">Nous souhaitons remercier sinc\u00e8rement tous les <strong>tireurs<\/strong> ayant fait le d\u00e9placement pour participer \u00e0 la comp\u00e9tition, ainsi que les <strong>arbitres<\/strong> and <strong>b\u00e9n\u00e9voles<\/strong> qui se sont assur\u00e9s de son bon d\u00e9roulement.<\/span><\/p>\n<p style=\"text-align: center;\"><span style=\"color: #ffffff;\"><span style=\"color: #000000;\">Vous trouverez ci-dessous une vid\u00e9o retra\u00e7ant cet \u00e9v\u00e8nement :<\/span><\/span><\/p>\n<div style=\"width: 480px;\" class=\"wp-video\"><video class=\"wp-video-shortcode\" id=\"video-5134-1\" width=\"480\" height=\"848\" preload=\"metadata\" controls=\"controls\"><source type=\"video\/mp4\" src=\"https:\/\/www.club-de-tir.fr\/wp-content\/uploads\/2024\/12\/video-PR-Noe\u0308l-2024-1.mp4?_=1\" \/><a href=\"https:\/\/www.club-de-tir.fr\/wp-content\/uploads\/2024\/12\/video-PR-Noe\u0308l-2024-1.mp4\">https:\/\/www.club-de-tir.fr\/wp-content\/uploads\/2024\/12\/video-PR-Noe\u0308l-2024-1.mp4<\/a><\/video><\/div>","protected":false},"excerpt":{"rendered":"<p>Ainsi s&rsquo;ach\u00e8ve la deuxi\u00e8me comp\u00e9tition de PR22 organis\u00e9e par nos soins ! Cet \u00e9v\u00e8nement s&rsquo;est tenu dans une ambiance conviviale, et les tireurs ont propos\u00e9 de tr\u00e8s belles performances individuelles. La m\u00e9t\u00e9o du dimanche a \u00e9t\u00e9 marqu\u00e9e par un vent tr\u00e8s impressionnant, ce qui leur a donn\u00e9 du fil \u00e0 retordre ! Bon nombre d&rsquo;ajustements [&hellip;]<\/p>\n","protected":false},"author":2,"featured_media":5144,"comment_status":"closed","ping_status":"closed","sticky":false,"template":"","format":"standard","meta":{"_acf_changed":false,"_eb_attr":"","om_disable_all_campaigns":false,"_monsterinsights_skip_tracking":false,"_monsterinsights_sitenote_active":false,"_monsterinsights_sitenote_note":"","_monsterinsights_sitenote_category":0,"footnotes":""},"categories":[1,9,12,13,8],"tags":[],"class_list":["post-5134","post","type-post","status-publish","format-standard","has-post-thumbnail","hentry","category-actualites","category-competition","category-outdoor","category-evenements","category-vie-du-club"],"acf":[],"aioseo_notices":[],"_links":{"self":[{"href":"https:\/\/www.club-de-tir.fr\/en\/wp-json\/wp\/v2\/posts\/5134","targetHints":{"allow":["GET"]}}],"collection":[{"href":"https:\/\/www.club-de-tir.fr\/en\/wp-json\/wp\/v2\/posts"}],"about":[{"href":"https:\/\/www.club-de-tir.fr\/en\/wp-json\/wp\/v2\/types\/post"}],"author":[{"embeddable":true,"href":"https:\/\/www.club-de-tir.fr\/en\/wp-json\/wp\/v2\/users\/2"}],"replies":[{"embeddable":true,"href":"https:\/\/www.club-de-tir.fr\/en\/wp-json\/wp\/v2\/comments?post=5134"}],"version-history":[{"count":11,"href":"https:\/\/www.club-de-tir.fr\/en\/wp-json\/wp\/v2\/posts\/5134\/revisions"}],"predecessor-version":[{"id":5290,"href":"https:\/\/www.club-de-tir.fr\/en\/wp-json\/wp\/v2\/posts\/5134\/revisions\/5290"}],"wp:featuredmedia":[{"embeddable":true,"href":"https:\/\/www.club-de-tir.fr\/en\/wp-json\/wp\/v2\/media\/5144"}],"wp:attachment":[{"href":"https:\/\/www.club-de-tir.fr\/en\/wp-json\/wp\/v2\/media?parent=5134"}],"wp:term":[{"taxonomy":"category","embeddable":true,"href":"https:\/\/www.club-de-tir.fr\/en\/wp-json\/wp\/v2\/categories?post=5134"},{"taxonomy":"post_tag","embeddable":true,"href":"https:\/\/www.club-de-tir.fr\/en\/wp-json\/wp\/v2\/tags?post=5134"}],"curies":[{"name":"wp","href":"https:\/\/api.w.org\/{rel}","templated":true}]}}